{"id":8704,"date":"2016-01-13T19:38:57","date_gmt":"2016-01-13T18:38:57","guid":{"rendered":"https:\/\/conecta13.com\/noticias\/la-semana-de-los-proyectos-llega-tambien-a-valencia\/"},"modified":"2023-09-06T10:21:25","modified_gmt":"2023-09-06T08:21:25","slug":"la-semana-de-los-proyectos-llega-tambien-a-valencia","status":"publish","type":"post","link":"http:\/\/conecta13.com\/en\/proyectos\/la-semana-de-los-proyectos-llega-tambien-a-valencia\/","title":{"rendered":"La Semana de los Proyectos llega tambi\u00e9n a Valencia"},"content":{"rendered":"<p>Comenzamos hoy muy ilusionados <strong>La Semana de los Proyectos<\/strong> en Valencia, un proyecto que naci\u00f3 en Andaluc\u00eda y que gracias al <a href=\"https:\/\/twitter.com\/CEFIRE_Valencia\" target=\"_blank\" rel=\"noopener\">CEFIRE de Valencia<\/a>\u00a0vamos a desarrollar en 2016 con 70 centros de infantil, primaria y secundaria, y alrededor de 1.400 docentes\u00a0que quieren\u00a0conectar con las ideas y formas de trabajo de otros centros.<\/p>\n<p><a href=\"https:\/\/twitter.com\/semanaABP\" target=\"_blank\" rel=\"noopener\">La Semana de los Proyectos<\/a>\u00a0tiene\u00a0como finalidad el desarrollo de competencias de los estudiantes a trav\u00e9s del\u00a0Aprendizaje Basado en Proyectos. A esta iniciativa ya se han sumado en Andaluc\u00eda\u00a0m\u00e1s de\u00a0300 centros\u00a0y m\u00e1s de\u00a06.000 docentes dispuestos a mejorar y\u00a0reflexionar sobre su pr\u00e1ctica educativa, y que ahora se extiende <a href=\"https:\/\/twitter.com\/hashtag\/7manaabp?f=tweets&amp;vertical=default&amp;src=hash\" target=\"_blank\" rel=\"noopener\">hasta\u00a0la Comunidad Valenciana<\/a>.<\/p>\n<p>La formaci\u00f3n que acompa\u00f1a a este proyecto se desarrolla\u00a0mediante una metodolog\u00eda Blended\u00a0Learning, en la\u00a0que se combinan\u00a0una jornada de trabajo presencial, el trabajo en l\u00ednea a trav\u00e9s de una\u00a0plataforma y un intercambio\u00a0final de experiencias.<\/p>\n<p>Os dejamos el esquema de La semana de Los Proyectos:<\/p>\n<p><a href=\"https:\/\/conecta13.com\/wp-content\/uploads\/2023\/09\/Diapositiva2-768x576-1.png\"><img fetchpriority=\"high\" decoding=\"async\" class=\"aligncenter size-full wp-image-3264\" src=\"https:\/\/conecta13.com\/wp-content\/uploads\/2023\/09\/Diapositiva2-768x576-1.png\" alt=\"Diapositiva2-768x576\" width=\"768\" height=\"576\" \/><\/a><\/p>\n<p>Puedes ampliar la informaci\u00f3n en <a href=\"http:\/\/lasemanadelosproyectos.conecta13.com\/2016\/01\/13\/la-semana-de-los-proyectos-en-valencia\/\" target=\"_blank\" rel=\"noopener\">el blog de\u00a0La Semana de Proyectos en Valencia<\/a>\u00a0y si quieres informaci\u00f3n sobre c\u00f3mo podr\u00edamos desarrollar este proyecto en tu Comunidad Aut\u00f3noma no dudes en <a href=\"http:\/\/conecta13.com\/en\/contacto\/\" target=\"_blank\" rel=\"noopener\">contactar con nosotros<\/a>.<\/p>","protected":false},"excerpt":{"rendered":"<p>Comenzamos hoy muy ilusionados La Semana de los Proyectos en Valencia, un proyecto que naci\u00f3 en Andaluc\u00eda y que gracias al CEFIRE de Valencia\u00a0vamos a desarrollar en 2016 con 70 centros de infantil, primaria y secundaria, y alrededor de 1.400 docentes\u00a0que quieren\u00a0conectar con las ideas y formas de trabajo de otros centros. La Semana de [&hellip;]<\/p>\n","protected":false},"author":1,"featured_media":8285,"comment_status":"open","ping_status":"open","sticky":false,"template":"","format":"standard","meta":{"site-sidebar-layout":"default","site-content-layout":"","ast-site-content-layout":"","site-content-style":"default","site-sidebar-style":"default","ast-global-header-display":"","ast-banner-title-visibility":"","ast-main-header-display":"","ast-hfb-above-header-display":"","ast-hfb-below-header-display":"","ast-hfb-mobile-header-display":"","site-post-title":"","ast-breadcrumbs-content":"","ast-featured-img":"","footer-sml-layout":"","theme-transparent-header-meta":"","adv-header-id-meta":"","stick-header-meta":"","header-above-stick-meta":"","header-main-stick-meta":"","header-below-stick-meta":"","astra-migrate-meta-layouts":"default","ast-page-background-enabled":"default","ast-page-background-meta":{"desktop":{"background-color":"","background-image":"","background-repeat":"repeat","background-position":"center center","background-size":"auto","background-attachment":"scroll","background-type":"","background-media":"","overlay-type":"","overlay-color":"","overlay-opacity":"","overlay-gradient":""},"tablet":{"background-color":"","background-image":"","background-repeat":"repeat","background-position":"center center","background-size":"auto","background-attachment":"scroll","background-type":"","background-media":"","overlay-type":"","overlay-color":"","overlay-opacity":"","overlay-gradient":""},"mobile":{"background-color":"","background-image":"","background-repeat":"repeat","background-position":"center center","background-size":"auto","background-attachment":"scroll","background-type":"","background-media":"","overlay-type":"","overlay-color":"","overlay-opacity":"","overlay-gradient":""}},"ast-content-background-meta":{"desktop":{"background-color":"var(--ast-global-color-5)","background-image":"","background-repeat":"repeat","background-position":"center center","background-size":"auto","background-attachment":"scroll","background-type":"","background-media":"","overlay-type":"","overlay-color":"","overlay-opacity":"","overlay-gradient":""},"tablet":{"background-color":"var(--ast-global-color-5)","background-image":"","background-repeat":"repeat","background-position":"center center","background-size":"auto","background-attachment":"scroll","background-type":"","background-media":"","overlay-type":"","overlay-color":"","overlay-opacity":"","overlay-gradient":""},"mobile":{"background-color":"var(--ast-global-color-5)","background-image":"","background-repeat":"repeat","background-position":"center center","background-size":"auto","background-attachment":"scroll","background-type":"","background-media":"","overlay-type":"","overlay-color":"","overlay-opacity":"","overlay-gradient":""}},"footnotes":""},"categories":[35],"tags":[36,53,362,107,87],"class_list":["post-8704","post","type-post","status-publish","format-standard","has-post-thumbnail","hentry","category-proyectos","tag-abp","tag-formacion","tag-formacion-de-profesorado","tag-innovacion","tag-pbl"],"_links":{"self":[{"href":"http:\/\/conecta13.com\/en\/wp-json\/wp\/v2\/posts\/8704","targetHints":{"allow":["GET"]}}],"collection":[{"href":"http:\/\/conecta13.com\/en\/wp-json\/wp\/v2\/posts"}],"about":[{"href":"http:\/\/conecta13.com\/en\/wp-json\/wp\/v2\/types\/post"}],"author":[{"embeddable":true,"href":"http:\/\/conecta13.com\/en\/wp-json\/wp\/v2\/users\/1"}],"replies":[{"embeddable":true,"href":"http:\/\/conecta13.com\/en\/wp-json\/wp\/v2\/comments?post=8704"}],"version-history":[{"count":1,"href":"http:\/\/conecta13.com\/en\/wp-json\/wp\/v2\/posts\/8704\/revisions"}],"predecessor-version":[{"id":8705,"href":"http:\/\/conecta13.com\/en\/wp-json\/wp\/v2\/posts\/8704\/revisions\/8705"}],"wp:featuredmedia":[{"embeddable":true,"href":"http:\/\/conecta13.com\/en\/wp-json\/wp\/v2\/media\/8285"}],"wp:attachment":[{"href":"http:\/\/conecta13.com\/en\/wp-json\/wp\/v2\/media?parent=8704"}],"wp:term":[{"taxonomy":"category","embeddable":true,"href":"http:\/\/conecta13.com\/en\/wp-json\/wp\/v2\/categories?post=8704"},{"taxonomy":"post_tag","embeddable":true,"href":"http:\/\/conecta13.com\/en\/wp-json\/wp\/v2\/tags?post=8704"}],"curies":[{"name":"wp","href":"https:\/\/api.w.org\/{rel}","templated":true}]}}